{"id":685,"date":"2018-11-16T15:50:50","date_gmt":"2018-11-16T14:50:50","guid":{"rendered":"http:\/\/listaprzetargow.pl\/blog\/?p=685"},"modified":"2021-03-11T16:08:15","modified_gmt":"2021-03-11T15:08:15","slug":"przeksztalcenie-uzytkowania-wieczystego-we-wlasnosc-w-2019-roku","status":"publish","type":"post","link":"https:\/\/listaprzetargow.pl\/blog\/przeksztalcenie-uzytkowania-wieczystego-we-wlasnosc-w-2019-roku\/","title":{"rendered":"Przekszta\u0142cenie u\u017cytkowania wieczystego we w\u0142asno\u015b\u0107 w 2019 roku"},"content":{"rendered":"\n\n<div class=\"kk-star-ratings kksr-auto kksr-align-right kksr-valign-top\"\n    data-payload='{&quot;align&quot;:&quot;right&quot;,&quot;id&quot;:&quot;685&quot;,&quot;slug&quot;:&quot;default&quot;,&quot;valign&quot;:&quot;top&quot;,&quot;ignore&quot;:&quot;&quot;,&quot;reference&quot;:&quot;auto&quot;,&quot;class&quot;:&quot;&quot;,&quot;count&quot;:&quot;117&quot;,&quot;legendonly&quot;:&quot;&quot;,&quot;readonly&quot;:&quot;&quot;,&quot;score&quot;:&quot;4.6&quot;,&quot;starsonly&quot;:&quot;&quot;,&quot;best&quot;:&quot;5&quot;,&quot;gap&quot;:&quot;5&quot;,&quot;greet&quot;:&quot;Rate this post&quot;,&quot;legend&quot;:&quot;4.6\\\/5 - (117 votes)&quot;,&quot;size&quot;:&quot;18&quot;,&quot;title&quot;:&quot;Przekszta\u0142cenie u\u017cytkowania wieczystego we w\u0142asno\u015b\u0107 w 2019 roku&quot;,&quot;width&quot;:&quot;103.3&quot;,&quot;_legend&quot;:&quot;{score}\\\/{best} - ({count} {votes})&quot;,&quot;font_factor&quot;:&quot;1.25&quot;}'>\n            \n<div class=\"kksr-stars\">\n    \n<div class=\"kksr-stars-inactive\">\n            <div class=\"kksr-star\" data-star=\"1\" style=\"padding-right: 5px\">\n            \n\n<div class=\"kksr-icon\" style=\"width: 18px; height: 18px;\"><\/div>\n        <\/div>\n            <div class=\"kksr-star\" data-star=\"2\" style=\"padding-right: 5px\">\n            \n\n<div class=\"kksr-icon\" style=\"width: 18px; height: 18px;\"><\/div>\n        <\/div>\n            <div class=\"kksr-star\" data-star=\"3\" style=\"padding-right: 5px\">\n            \n\n<div class=\"kksr-icon\" style=\"width: 18px; height: 18px;\"><\/div>\n        <\/div>\n            <div class=\"kksr-star\" data-star=\"4\" style=\"padding-right: 5px\">\n            \n\n<div class=\"kksr-icon\" style=\"width: 18px; height: 18px;\"><\/div>\n        <\/div>\n            <div class=\"kksr-star\" data-star=\"5\" style=\"padding-right: 5px\">\n            \n\n<div class=\"kksr-icon\" style=\"width: 18px; height: 18px;\"><\/div>\n        <\/div>\n    <\/div>\n    \n<div class=\"kksr-stars-active\" style=\"width: 103.3px;\">\n            <div class=\"kksr-star\" style=\"padding-right: 5px\">\n            \n\n<div class=\"kksr-icon\" style=\"width: 18px; height: 18px;\"><\/div>\n        <\/div>\n            <div class=\"kksr-star\" style=\"padding-right: 5px\">\n            \n\n<div class=\"kksr-icon\" style=\"width: 18px; height: 18px;\"><\/div>\n        <\/div>\n            <div class=\"kksr-star\" style=\"padding-right: 5px\">\n            \n\n<div class=\"kksr-icon\" style=\"width: 18px; height: 18px;\"><\/div>\n        <\/div>\n            <div class=\"kksr-star\" style=\"padding-right: 5px\">\n            \n\n<div class=\"kksr-icon\" style=\"width: 18px; height: 18px;\"><\/div>\n        <\/div>\n            <div class=\"kksr-star\" style=\"padding-right: 5px\">\n            \n\n<div class=\"kksr-icon\" style=\"width: 18px; height: 18px;\"><\/div>\n        <\/div>\n    <\/div>\n<\/div>\n                \n\n<div class=\"kksr-legend\" style=\"font-size: 14.4px;\">\n            4.6\/5 - (117 votes)    <\/div>\n    <\/div>\n<p><strong>U\u017cytkowanie wieczyste grunt\u00f3w, na kt\u00f3rych stoj\u0105 budynki mieszkalne, z pocz\u0105tkiem nowego roku zostanie przekszta\u0142cone we w\u0142asno\u015b\u0107 grunt\u00f3w. Rodzi to daleko id\u0105ce skutki dla sprzeda\u017cy mieszka\u0144 na pocz\u0105tku przysz\u0142ego roku.<\/strong><\/p>\n<p><!--more--><\/p>\n<p>Zgodnie ustaw\u0105, przekszta\u0142cenie prawa u\u017cytkowania wieczystego w prawo w\u0142asno\u015bci nast\u0105pi 1 stycznia 2019 r. Tego dnia mieszka\u0144cy zostan\u0105 automatycznie uw\u0142aszczeni i stan\u0105 si\u0119 wsp\u00f3\u0142w\u0142a\u015bcicielami grunt\u00f3w, na kt\u00f3rych stoj\u0105 ich budynki.<\/p>\n<p style=\"text-align: left;\"><span style=\"font-weight: 400;\"><div class='code-block code-block-2' style='margin: 8px 0; clear: both;'>\n<div class=\"lp-city-wrapper\">\r\n    <h5>\r\n        Sprawd\u017a og\u0142oszenia przetarg\u00f3w i licytacji na sprzeda\u017c mieszka\u0144:\r\n    <\/h5>\r\n    \r\n    <div class=\"lp-city-list\">\r\n\r\n      <a href=\"https:\/\/listaprzetargow.pl\/oferty?city=Warszawa&facility_type=mieszkanie&s=blog\" \r\n      target=\"_parent\" rel=\"nofollow\">\r\n          Warszawa\r\n      <\/a>\r\n      \r\n      <a href=\"https:\/\/listaprzetargow.pl\/oferty?city=Krak%C3%B3w&facility_type=mieszkanie&s=blog\" \r\n      target=\"_parent\" rel=\"nofollow\">\r\n          Krak\u00f3w\r\n      <\/a>\r\n      \r\n      <a href=\"https:\/\/listaprzetargow.pl\/oferty?city=%C5%81%C3%B3d%C5%BA&facility_type=mieszkanie&s=blog\" \r\n      target=\"_parent\" rel=\"nofollow\">\r\n          \u0141\u00f3d\u017a\r\n      <\/a>\r\n      \r\n      <a href=\"https:\/\/listaprzetargow.pl\/oferty?city=Wroc%C5%82aw&facility_type=mieszkanie&s=blog\" \r\n      target=\"_parent\" rel=\"nofollow\">\r\n          Wroc\u0142aw\r\n      <\/a>\r\n      \r\n      <a href=\"https:\/\/listaprzetargow.pl\/oferty?city=Pozna%C5%84&facility_type=mieszkanie&s=blog\" \r\n      target=\"_parent\" rel=\"nofollow\">\r\n          Pozna\u0144\r\n      <\/a>\r\n      \r\n      <a href=\"https:\/\/listaprzetargow.pl\/oferty?city=Gda%C5%84sk&facility_type=mieszkanie&s=blog\" \r\n      target=\"_parent\" rel=\"nofollow\">\r\n          Gda\u0144sk\r\n      <\/a>\r\n      \r\n      <a href=\"https:\/\/listaprzetargow.pl\/oferty?city=Szczecin&facility_type=mieszkanie&s=blog\" \r\n      target=\"_parent\" rel=\"nofollow\">\r\n          Szczecin\r\n      <\/a>\r\n      \r\n      <a href=\"https:\/\/listaprzetargow.pl\/oferty?city=Bydgoszcz&facility_type=mieszkanie&s=blog\" \r\n      target=\"_parent\" rel=\"nofollow\">\r\n          Bydgoszcz\r\n      <\/a>\r\n      \r\n      <a href=\"https:\/\/listaprzetargow.pl\/oferty?city=Lublin&facility_type=mieszkanie&s=blog\" \r\n      target=\"_parent\" rel=\"nofollow\">\r\n          Lublin\r\n      <\/a>\r\n      \r\n      <a href=\"https:\/\/listaprzetargow.pl\/oferty?city=Bia%C5%82ystok&facility_type=mieszkanie&s=blog\" \r\n      target=\"_parent\" rel=\"nofollow\">\r\n          Bia\u0142ystok\r\n      <\/a>\r\n      \r\n      <a href=\"https:\/\/listaprzetargow.pl\/oferty?city=Katowice&facility_type=mieszkanie&s=blog\" \r\n      target=\"_parent\" rel=\"nofollow\">\r\n          Katowice\r\n      <\/a>\r\n      \r\n      <a href=\"https:\/\/listaprzetargow.pl\/oferty?city=Gdynia&facility_type=mieszkanie&s=blog\" \r\n      target=\"_parent\" rel=\"nofollow\">\r\n          Gdynia\r\n      <\/a>\r\n      \r\n      <a href=\"https:\/\/listaprzetargow.pl\/oferty?city=Radom&facility_type=mieszkanie&s=blog\" \r\n      target=\"_parent\" rel=\"nofollow\">\r\n          Radom\r\n      <\/a>\r\n      \r\n      <a href=\"https:\/\/listaprzetargow.pl\/oferty?city=Toru%C5%84&facility_type=mieszkanie&s=blog\" \r\n      target=\"_parent\" rel=\"nofollow\">\r\n          Toru\u0144\r\n      <\/a>\r\n      \r\n      <a href=\"https:\/\/listaprzetargow.pl\/oferty?city=Sosnowiec&facility_type=mieszkanie&s=blog\" \r\n      target=\"_parent\" rel=\"nofollow\">\r\n          Sosnowiec\r\n      <\/a>\r\n      \r\n      \r\n      <a href=\"https:\/\/listaprzetargow.pl\/oferty?city=Rzesz%C3%B3w&facility_type=mieszkanie&s=blog\" \r\n      target=\"_parent\" rel=\"nofollow\">\r\n          Rzesz\u00f3w\r\n      <\/a>\r\n      \r\n      <a href=\"https:\/\/listaprzetargow.pl\/oferty?city=Kielce&facility_type=mieszkanie&s=blog\" \r\n      target=\"_parent\" rel=\"nofollow\">\r\n          Kielce\r\n      <\/a>\r\n      \r\n      <a href=\"https:\/\/listaprzetargow.pl\/oferty?city=Gliwice&facility_type=mieszkanie&s=blog\" \r\n      target=\"_parent\" rel=\"nofollow\">\r\n          Gliwice\r\n      <\/a>\r\n      \r\n      <a href=\"https:\/\/listaprzetargow.pl\/oferty?city=Zabrze&facility_type=mieszkanie&s=blog\" \r\n      target=\"_parent\" rel=\"nofollow\">\r\n          Zabrze\r\n      <\/a>\r\n\r\n      \r\n      <a href=\"https:\/\/listaprzetargow.pl\/oferty?city=&facility_type=mieszkanie&s=blog\" target=\"_parent\" rel=\"nofollow\">\r\n          wi\u0119cej \u00bb\r\n      <\/a>\r\n    <\/div>\r\n<\/div><\/div>\n<\/span><\/p>\n<h2>Kogo obejmie przekszta\u0142cenie<\/h2>\n<p>G\u0142\u00f3wnym celem ustawy jest przekszta\u0142cenie praw u\u017cytkowania wieczystego <strong>na gruntach zabudowanych budynkami mieszkalnymi<\/strong>. Ustawa nie obejmie wi\u0119c swoim zakresem wszystkich grunt\u00f3w, a jedynie te, kt\u00f3re s\u0105 zabudowane na cele mieszkaniowe. Ustawa dopuszcza jednak, \u017ceby na wskazanych gruntach znajdowa\u0142y si\u0119 np. budynki gospodarcze czy gara\u017ce, o ile s\u0142u\u017c\u0105 one prawid\u0142owemu i racjonalnemu korzystaniu z budynk\u00f3w mieszkalnych.<\/p>\n<p>W przypadku budynk\u00f3w wielorodzinnych warunkiem przekszta\u0142cenia jest to, \u017ceby przynajmniej po\u0142ow\u0119 lokali stanowi\u0142y lokale mieszkalne. A wi\u0119c przekszta\u0142cenie obejmie r\u00f3wnie\u017c grunty zabudowane budynkami o funkcji mieszanej (mieszkalno-us\u0142ugowej) pod warunkiem, \u017ce funkcja mieszkalna b\u0119dzie w takim budynku przewa\u017ca\u0107. Czyli na przyk\u0142ad b\u0119d\u0105 to budynki z lokalami us\u0142ugowymi lub handlowymi usytuowanymi na parterze budynk\u00f3w mieszkalnych.<\/p>\n<p>Ustawa <strong>nie obejmuje natomiast grunt\u00f3w zabudowanych wy\u0142\u0105cznie budynkami o charakterze komercyjnym<\/strong> (np. magazynami lub biurowcami) \u2013 takie grunty nie b\u0119d\u0105 podlega\u0107 przekszta\u0142ceniu.<\/p>\n<p style=\"text-align: center;\">Przeczytaj:\u00a0<a href=\"https:\/\/listaprzetargow.pl\/blog\/przeksztalcenie-uzytkowania-wieczystego-we-wlasnosc-co-warto-wiedziec\/\" target=\"_blank\" rel=\"noopener\">Przekszta\u0142cenie u\u017cytkowania wieczystego we w\u0142asno\u015b\u0107 &#8211; co warto wiedzie\u0107 <\/a><\/p>\n<h2>Ile zap\u0142acimy za przekszta\u0142cenie<\/h2>\n<p>Mimo \u017ce nowe przepisy znosz\u0105 obowi\u0105zek p\u0142acenia za u\u017cytkowanie wieczyste, nak\u0142adaj\u0105 za to <strong>obowi\u0105zek op\u0142at z tytu\u0142u pokrycia koszt\u00f3w przekszta\u0142cenia prawa u\u017cytkowania wieczystego w prawo w\u0142asno\u015bci<\/strong>. Trzeba b\u0119dzie je uiszcza\u0107 do ko\u0144ca marca ka\u017cdego roku. Wysoko\u015b\u0107 tych op\u0142at b\u0119dzie taka sama jak stawki za u\u017cytkowanie wieczyste obowi\u0105zuj\u0105ce w dniu przekszta\u0142cenia.<\/p>\n<p>Op\u0142aty za przekszta\u0142cenie b\u0119d\u0105 sta\u0142e. Ustawa pozwala jedynie na ich waloryzacj\u0119 raz na trzy lata zgodnie ze wska\u017anikiem zmian cen nieruchomo\u015bci okre\u015blonym przez G\u0142\u00f3wny Urz\u0105d Statystyczny. B\u0119d\u0105 pobierane przez kolejnych 20 lat.<\/p>\n<p>Ustawodawca przewidzia\u0142 obligatoryjn\u0105 <strong>bonifikat\u0119 w wysoko\u015bci 60 proc.<\/strong> dla tych dotychczasowych u\u017cytkownik\u00f3w grunt\u00f3w Skarbu Pa\u0144stwa, kt\u00f3rzy zap\u0142ac\u0105 w 2019 roku za ca\u0142y 20-letni okres z g\u00f3ry. Bonifikata b\u0119dzie obowi\u0105zywa\u0142a tak\u017ce przez kolejnych pi\u0119\u0107 lat, z tym \u017ce w kolejnych latach b\u0119dzie mala\u0142a o 10 punkt\u00f3w procentowych rocznie.<\/p>\n<p>Bonifikata na gruntach, kt\u00f3re by\u0142y w\u0142asno\u015bci\u0105 samorz\u0105d\u00f3w, jest <strong>zale\u017cna od decyzji lokalnych w\u0142adz<\/strong>. Nic nie stoi zatem na przeszkodzie, by udzielane przez w\u0142adze samorz\u0105dowe bonifikaty by\u0142y wy\u017csze ni\u017c te przewidziane dla grunt\u00f3w Skarbu Pa\u0144stwa.<\/p>\n<p style=\"text-align: center;\">Przeczytaj: <a href=\"https:\/\/listaprzetargow.pl\/blog\/przetarg-na-mieszkanie-od-spoldzielni-mieszkaniowej\/\" target=\"_blank\" rel=\"noopener\">Przetarg na mieszkanie od sp\u00f3\u0142dzielni mieszkaniowej<\/a><\/p>\n<h2>Koniec u\u017cytkowania wieczystego &#8211; problemy<\/h2>\n<p>Chocia\u017c ustawowe przekszta\u0142cenie prawa u\u017cytkowania wieczystego we w\u0142asno\u015b\u0107 wydaje si\u0119 by\u0107 dla w\u0142a\u015bcicieli mieszka\u0144 i og\u00f3lnie rynku nieruchomo\u015bci korzystne, diabe\u0142 jak zwykle tkwi w szczeg\u00f3\u0142ach. Eksperci obawiaj\u0105 si\u0119, \u017ce <strong>na pocz\u0105tku 2019 roku sprzeda\u017c mieszka\u0144 po\u0142o\u017conych do tej pory na gruntach znajduj\u0105cych w u\u017cytkowaniu wieczystym b\u0119dzie o wiele trudniejsza<\/strong>, je\u015bli nie niemo\u017cliwa. Dlaczego?<\/p>\n<p>Wprawdzie ustawa o przekszta\u0142ceniu u\u017cytkowania wieczystego we w\u0142asno\u015b\u0107 m\u00f3wi, \u017ce do przekszta\u0142cenia dochodzi z mocy prawa 1 stycznia 2019 r., ale potwierdzeniem dokonania si\u0119 tego przekszta\u0142cenia ma by\u0107 za\u015bwiadczenie. Za\u015bwiadczenie takie b\u0119dzie wydawa\u0142:<\/p>\n<ul>\n<li>starosta &#8211; dla grunt\u00f3w Skarbu Pa\u0144stwa;<\/li>\n<li>dyrektor oddzia\u0142u terenowego Krajowego O\u015brodka Wsparcia Rolnictwa lub dyrektor oddzia\u0142u regionalnego Agencji Mienia Wojskowego &#8211; dla grunt\u00f3w, w stosunku do kt\u00f3rych prawo w\u0142asno\u015bci Skarbu Pa\u0144stwa wykonuj\u0105 te podmioty;<\/li>\n<li>w\u00f3jt (burmistrz, prezydent miasta) &#8211; dla grunt\u00f3w jednostek samorz\u0105du terytorialnego.<\/li>\n<\/ul>\n<p>Organy te maj\u0105 na wydanie takiego za\u015bwiadczenia <strong>12 miesi\u0119cy<\/strong>, natomiast je\u015bli zawnioskuje o nie sam w\u0142a\u015bciciel nieruchomo\u015bci &#8211; musz\u0105 je wyda\u0107 w ci\u0105gu 4 miesi\u0119cy (lub nawet tylko 30 dni, je\u015bli we wniosku zawarto uzasadnienie dla przyspieszenia ca\u0142ej procedury z uwagi na potrzeb\u0119 dokonania czynno\u015bci prawnej, takiej jak cho\u0107by sprzeda\u017c mieszkania czy ustanowienie odr\u0119bnej w\u0142asno\u015bci).<\/p>\n<p style=\"text-align: left;\"><a href=\"http:\/\/listaprzetargow.pl\/\" target=\"_blank\" rel=\"nofollow noopener\">Przeszukaj baz\u0119 1504 okazji na zakup mieszkania na ListaPrzetargow.pl \u00bb<\/a><\/p>\n<p>Zdj\u0119cia: Pixabay.com, Unsplash.com.<\/p>\n","protected":false},"excerpt":{"rendered":"<p>U\u017cytkowanie wieczyste grunt\u00f3w, na kt\u00f3rych stoj\u0105 budynki mieszkalne, z pocz\u0105tkiem nowego roku zostanie przekszta\u0142cone we w\u0142asno\u015b\u0107 grunt\u00f3w. Rodzi to daleko id\u0105ce skutki dla sprzeda\u017cy mieszka\u0144 na pocz\u0105tku przysz\u0142ego roku.<\/p>\n","protected":false},"author":3,"featured_media":687,"comment_status":"open","ping_status":"closed","sticky":false,"template":"","format":"standard","meta":{"footnotes":""},"categories":[2],"tags":[12],"series":[],"class_list":{"0":"post-685","1":"post","2":"type-post","3":"status-publish","4":"format-standard","5":"has-post-thumbnail","7":"category-inwestowanie-w-nieruchomosci","8":"tag-jak-inwestowac-w-nieruchomosci"},"aioseo_notices":[],"_links":{"self":[{"href":"https:\/\/listaprzetargow.pl\/blog\/wp-json\/wp\/v2\/posts\/685","targetHints":{"allow":["GET"]}}],"collection":[{"href":"https:\/\/listaprzetargow.pl\/blog\/wp-json\/wp\/v2\/posts"}],"about":[{"href":"https:\/\/listaprzetargow.pl\/blog\/wp-json\/wp\/v2\/types\/post"}],"author":[{"embeddable":true,"href":"https:\/\/listaprzetargow.pl\/blog\/wp-json\/wp\/v2\/users\/3"}],"replies":[{"embeddable":true,"href":"https:\/\/listaprzetargow.pl\/blog\/wp-json\/wp\/v2\/comments?post=685"}],"version-history":[{"count":9,"href":"https:\/\/listaprzetargow.pl\/blog\/wp-json\/wp\/v2\/posts\/685\/revisions"}],"predecessor-version":[{"id":2141,"href":"https:\/\/listaprzetargow.pl\/blog\/wp-json\/wp\/v2\/posts\/685\/revisions\/2141"}],"wp:featuredmedia":[{"embeddable":true,"href":"https:\/\/listaprzetargow.pl\/blog\/wp-json\/wp\/v2\/media\/687"}],"wp:attachment":[{"href":"https:\/\/listaprzetargow.pl\/blog\/wp-json\/wp\/v2\/media?parent=685"}],"wp:term":[{"taxonomy":"category","embeddable":true,"href":"https:\/\/listaprzetargow.pl\/blog\/wp-json\/wp\/v2\/categories?post=685"},{"taxonomy":"post_tag","embeddable":true,"href":"https:\/\/listaprzetargow.pl\/blog\/wp-json\/wp\/v2\/tags?post=685"},{"taxonomy":"series","embeddable":true,"href":"https:\/\/listaprzetargow.pl\/blog\/wp-json\/wp\/v2\/series?post=685"}],"curies":[{"name":"wp","href":"https:\/\/api.w.org\/{rel}","templated":true}]}}