{"id":3705,"date":"2025-12-09T13:06:50","date_gmt":"2025-12-09T12:06:50","guid":{"rendered":"https:\/\/listaprzetargow.pl\/blog\/?p=3705"},"modified":"2025-12-28T13:28:30","modified_gmt":"2025-12-28T12:28:30","slug":"koniec-dziedziczenia-najmu-mieszkan-komunalnych-planowane-zmiany","status":"publish","type":"post","link":"https:\/\/listaprzetargow.pl\/blog\/koniec-dziedziczenia-najmu-mieszkan-komunalnych-planowane-zmiany\/","title":{"rendered":"Koniec dziedziczenia najmu mieszka\u0144 komunalnych &#8211; planowane zmiany"},"content":{"rendered":"\n\n<div class=\"kk-star-ratings kksr-auto kksr-align-right kksr-valign-top\"\n    data-payload='{&quot;align&quot;:&quot;right&quot;,&quot;id&quot;:&quot;3705&quot;,&quot;slug&quot;:&quot;default&quot;,&quot;valign&quot;:&quot;top&quot;,&quot;ignore&quot;:&quot;&quot;,&quot;reference&quot;:&quot;auto&quot;,&quot;class&quot;:&quot;&quot;,&quot;count&quot;:&quot;2&quot;,&quot;legendonly&quot;:&quot;&quot;,&quot;readonly&quot;:&quot;&quot;,&quot;score&quot;:&quot;5&quot;,&quot;starsonly&quot;:&quot;&quot;,&quot;best&quot;:&quot;5&quot;,&quot;gap&quot;:&quot;5&quot;,&quot;greet&quot;:&quot;Rate this post&quot;,&quot;legend&quot;:&quot;5\\\/5 - (2 votes)&quot;,&quot;size&quot;:&quot;18&quot;,&quot;title&quot;:&quot;Koniec dziedziczenia najmu mieszka\u0144 komunalnych - planowane zmiany&quot;,&quot;width&quot;:&quot;112.5&quot;,&quot;_legend&quot;:&quot;{score}\\\/{best} - ({count} {votes})&quot;,&quot;font_factor&quot;:&quot;1.25&quot;}'>\n            \n<div class=\"kksr-stars\">\n    \n<div class=\"kksr-stars-inactive\">\n            <div class=\"kksr-star\" data-star=\"1\" style=\"padding-right: 5px\">\n            \n\n<div class=\"kksr-icon\" style=\"width: 18px; height: 18px;\"><\/div>\n        <\/div>\n            <div class=\"kksr-star\" data-star=\"2\" style=\"padding-right: 5px\">\n            \n\n<div class=\"kksr-icon\" style=\"width: 18px; height: 18px;\"><\/div>\n        <\/div>\n            <div class=\"kksr-star\" data-star=\"3\" style=\"padding-right: 5px\">\n            \n\n<div class=\"kksr-icon\" style=\"width: 18px; height: 18px;\"><\/div>\n        <\/div>\n            <div class=\"kksr-star\" data-star=\"4\" style=\"padding-right: 5px\">\n            \n\n<div class=\"kksr-icon\" style=\"width: 18px; height: 18px;\"><\/div>\n        <\/div>\n            <div class=\"kksr-star\" data-star=\"5\" style=\"padding-right: 5px\">\n            \n\n<div class=\"kksr-icon\" style=\"width: 18px; height: 18px;\"><\/div>\n        <\/div>\n    <\/div>\n    \n<div class=\"kksr-stars-active\" style=\"width: 112.5px;\">\n            <div class=\"kksr-star\" style=\"padding-right: 5px\">\n            \n\n<div class=\"kksr-icon\" style=\"width: 18px; height: 18px;\"><\/div>\n        <\/div>\n            <div class=\"kksr-star\" style=\"padding-right: 5px\">\n            \n\n<div class=\"kksr-icon\" style=\"width: 18px; height: 18px;\"><\/div>\n        <\/div>\n            <div class=\"kksr-star\" style=\"padding-right: 5px\">\n            \n\n<div class=\"kksr-icon\" style=\"width: 18px; height: 18px;\"><\/div>\n        <\/div>\n            <div class=\"kksr-star\" style=\"padding-right: 5px\">\n            \n\n<div class=\"kksr-icon\" style=\"width: 18px; height: 18px;\"><\/div>\n        <\/div>\n            <div class=\"kksr-star\" style=\"padding-right: 5px\">\n            \n\n<div class=\"kksr-icon\" style=\"width: 18px; height: 18px;\"><\/div>\n        <\/div>\n    <\/div>\n<\/div>\n                \n\n<div class=\"kksr-legend\" style=\"font-size: 14.4px;\">\n            5\/5 - (2 votes)    <\/div>\n    <\/div>\n\n<p><strong>Mieszkania komunalne z za\u0142o\u017cenia s\u0105 przeznaczone dla os\u00f3b, kt\u00f3re nie mog\u0105 sobie pozwoli\u0107 na zakup lub najem nieruchomo\u015bci na warunkach rynkowych. Mo\u017cliwe jest jednak automatyczne odziedziczenie prawa do najmu takich lokali po \u015bmierci najemcy przez jego najbli\u017cszych i to nawet je\u015bli maj\u0105 wysokie dochody. Ministerstwo Finans\u00f3w i Gospodarki uzna\u0142o to za niesprawiedliwe rozwi\u0105zanie i zapowiedzia\u0142o definitywny koniec dziedziczenia najmu mieszka\u0144 komunalnych z mocy prawa.<\/strong><\/p>\n\n\n\n<!--more-->\n\n\n\n<div class='code-block code-block-2' style='margin: 8px 0; clear: both;'>\n<div class=\"lp-city-wrapper\">\r\n    <h5>\r\n        Sprawd\u017a og\u0142oszenia przetarg\u00f3w i licytacji na sprzeda\u017c mieszka\u0144:\r\n    <\/h5>\r\n    \r\n    <div class=\"lp-city-list\">\r\n\r\n      <a href=\"https:\/\/listaprzetargow.pl\/oferty?city=Warszawa&facility_type=mieszkanie&s=blog\" \r\n      target=\"_parent\" rel=\"nofollow\">\r\n          Warszawa\r\n      <\/a>\r\n      \r\n      <a href=\"https:\/\/listaprzetargow.pl\/oferty?city=Krak%C3%B3w&facility_type=mieszkanie&s=blog\" \r\n      target=\"_parent\" rel=\"nofollow\">\r\n          Krak\u00f3w\r\n      <\/a>\r\n      \r\n      <a href=\"https:\/\/listaprzetargow.pl\/oferty?city=%C5%81%C3%B3d%C5%BA&facility_type=mieszkanie&s=blog\" \r\n      target=\"_parent\" rel=\"nofollow\">\r\n          \u0141\u00f3d\u017a\r\n      <\/a>\r\n      \r\n      <a href=\"https:\/\/listaprzetargow.pl\/oferty?city=Wroc%C5%82aw&facility_type=mieszkanie&s=blog\" \r\n      target=\"_parent\" rel=\"nofollow\">\r\n          Wroc\u0142aw\r\n      <\/a>\r\n      \r\n      <a href=\"https:\/\/listaprzetargow.pl\/oferty?city=Pozna%C5%84&facility_type=mieszkanie&s=blog\" \r\n      target=\"_parent\" rel=\"nofollow\">\r\n          Pozna\u0144\r\n      <\/a>\r\n      \r\n      <a href=\"https:\/\/listaprzetargow.pl\/oferty?city=Gda%C5%84sk&facility_type=mieszkanie&s=blog\" \r\n      target=\"_parent\" rel=\"nofollow\">\r\n          Gda\u0144sk\r\n      <\/a>\r\n      \r\n      <a href=\"https:\/\/listaprzetargow.pl\/oferty?city=Szczecin&facility_type=mieszkanie&s=blog\" \r\n      target=\"_parent\" rel=\"nofollow\">\r\n          Szczecin\r\n      <\/a>\r\n      \r\n      <a href=\"https:\/\/listaprzetargow.pl\/oferty?city=Bydgoszcz&facility_type=mieszkanie&s=blog\" \r\n      target=\"_parent\" rel=\"nofollow\">\r\n          Bydgoszcz\r\n      <\/a>\r\n      \r\n      <a href=\"https:\/\/listaprzetargow.pl\/oferty?city=Lublin&facility_type=mieszkanie&s=blog\" \r\n      target=\"_parent\" rel=\"nofollow\">\r\n          Lublin\r\n      <\/a>\r\n      \r\n      <a href=\"https:\/\/listaprzetargow.pl\/oferty?city=Bia%C5%82ystok&facility_type=mieszkanie&s=blog\" \r\n      target=\"_parent\" rel=\"nofollow\">\r\n          Bia\u0142ystok\r\n      <\/a>\r\n      \r\n      <a href=\"https:\/\/listaprzetargow.pl\/oferty?city=Katowice&facility_type=mieszkanie&s=blog\" \r\n      target=\"_parent\" rel=\"nofollow\">\r\n          Katowice\r\n      <\/a>\r\n      \r\n      <a href=\"https:\/\/listaprzetargow.pl\/oferty?city=Gdynia&facility_type=mieszkanie&s=blog\" \r\n      target=\"_parent\" rel=\"nofollow\">\r\n          Gdynia\r\n      <\/a>\r\n      \r\n      <a href=\"https:\/\/listaprzetargow.pl\/oferty?city=Radom&facility_type=mieszkanie&s=blog\" \r\n      target=\"_parent\" rel=\"nofollow\">\r\n          Radom\r\n      <\/a>\r\n      \r\n      <a href=\"https:\/\/listaprzetargow.pl\/oferty?city=Toru%C5%84&facility_type=mieszkanie&s=blog\" \r\n      target=\"_parent\" rel=\"nofollow\">\r\n          Toru\u0144\r\n      <\/a>\r\n      \r\n      <a href=\"https:\/\/listaprzetargow.pl\/oferty?city=Sosnowiec&facility_type=mieszkanie&s=blog\" \r\n      target=\"_parent\" rel=\"nofollow\">\r\n          Sosnowiec\r\n      <\/a>\r\n      \r\n      \r\n      <a href=\"https:\/\/listaprzetargow.pl\/oferty?city=Rzesz%C3%B3w&facility_type=mieszkanie&s=blog\" \r\n      target=\"_parent\" rel=\"nofollow\">\r\n          Rzesz\u00f3w\r\n      <\/a>\r\n      \r\n      <a href=\"https:\/\/listaprzetargow.pl\/oferty?city=Kielce&facility_type=mieszkanie&s=blog\" \r\n      target=\"_parent\" rel=\"nofollow\">\r\n          Kielce\r\n      <\/a>\r\n      \r\n      <a href=\"https:\/\/listaprzetargow.pl\/oferty?city=Gliwice&facility_type=mieszkanie&s=blog\" \r\n      target=\"_parent\" rel=\"nofollow\">\r\n          Gliwice\r\n      <\/a>\r\n      \r\n      <a href=\"https:\/\/listaprzetargow.pl\/oferty?city=Zabrze&facility_type=mieszkanie&s=blog\" \r\n      target=\"_parent\" rel=\"nofollow\">\r\n          Zabrze\r\n      <\/a>\r\n\r\n      \r\n      <a href=\"https:\/\/listaprzetargow.pl\/oferty?city=&facility_type=mieszkanie&s=blog\" target=\"_parent\" rel=\"nofollow\">\r\n          wi\u0119cej \u00bb\r\n      <\/a>\r\n    <\/div>\r\n<\/div><\/div>\n\n\n\n\n<h2 class=\"wp-block-heading\">Czym s\u0105 mieszkania komunalne i kto mo\u017ce je wynaj\u0105\u0107?<\/h2>\n\n\n\n<p>Mieszkania komunalne s\u0105 to lokale mieszkalne znajduj\u0105ce si\u0119 w zasobach gminy. Ich w\u0142a\u015bcicielem jest zatem gmina, kt\u00f3ra wykorzystuje je do zaspokajania potrzeb mieszkaniowych swoich mieszka\u0144c\u00f3w. Zadanie to natomiast realizuje poprzez wynajmowanie mieszka\u0144 komunalnych osobom, kt\u00f3re nie maj\u0105 w\u0142asnej nieruchomo\u015bci oraz nie mog\u0105 jej tak\u017ce naj\u0105\u0107 na warunkach rynkowych.<\/p>\n\n\n\n<p>Og\u00f3lne zasady wynajmowania mieszka\u0144 komunalnych przez gminy okre\u015bla ustawa z dnia 21 czerwca 2001 r. o ochronie praw lokator\u00f3w, mieszkaniowym zasobie gminy i o zmianie Kodeksu cywilnego. Zgodnie z jej zapisami gmina ma prawo okre\u015bla\u0107 w\u0142asne warunki i kryteria przyznawania mieszka\u0144 komunalnych. Tymi kryteriami s\u0105 jednak najcz\u0119\u015bciej:<\/p>\n\n\n\n<ul class=\"wp-block-list\">\n<li><strong>brak tytu\u0142u prawnego do innego lokalu mieszkalnego<\/strong> \u2013 w og\u00f3le lub na terenie danej gminy;<\/li>\n\n\n\n<li><strong>niskie dochody gospodarstwa domowego <\/strong>\u2013 gminy okre\u015blaj\u0105 zatem maksymalny pr\u00f3g dochodowy dla ch\u0119tnych na mieszkania komunalne, kt\u00f3ry zazwyczaj powi\u0105zany jest z kwot\u0105 najni\u017cszej emerytury i zale\u017cy od liczby os\u00f3b w gospodarstwie domowym;<\/li>\n\n\n\n<li><strong>trudna sytuacja rodzinna lub zdrowotna<\/strong> \u2013 pierwsze\u0144stwo do najmu mieszka\u0144 komunalnych cz\u0119sto maj\u0105 samotni rodzice, rodziny wielodzietne, a tak\u017ce osoby niepe\u0142nosprawne oraz w podesz\u0142ym wieku.<\/li>\n<\/ul>\n\n\n\n<p>Co wa\u017cne,<strong> gminy najcz\u0119\u015bciej okre\u015blaj\u0105 nie tylko maksymaln\u0105, ale te\u017c minimaln\u0105 wysoko\u015b\u0107 dochod\u00f3w, jakie powinien uzyskiwa\u0107 najemca mieszkania komunalnego<\/strong>. Najem takiego lokalu wi\u0105\u017ce si\u0119 bowiem z konieczno\u015bci\u0105 regulowania comiesi\u0119cznego czynszu i potencjalny najemca musi by\u0107 w stanie ponosi\u0107 takie koszty. Osoby, kt\u00f3re nie s\u0105 w stanie spe\u0142ni\u0107 takiego warunku, mog\u0105 ubiega\u0107 si\u0119 w gminie o <a href=\"https:\/\/listaprzetargow.pl\/blog\/mieszkanie-socjalne-czym-jest-i-komu-przysluguje\/\" target=\"_blank\" rel=\"noopener\" title=\"\">mieszkanie socjalne<\/a>, przy kt\u00f3rym wymogi dochodowe s\u0105 ni\u017csze.<\/p>\n\n\n\n<h2 class=\"wp-block-heading\">Na jakich warunkach mo\u017cna wynaj\u0105\u0107 mieszkanie komunalne?<\/h2>\n\n\n<div class=\"wp-block-image\">\n<figure class=\"alignright size-large is-resized\"><a href=\"https:\/\/listaprzetargow.pl\/blog\/wp-content\/uploads\/2025\/12\/dziedziczenie_najmu_komunalnego_zasady.jpg\"><img loading=\"lazy\" decoding=\"async\" width=\"683\" height=\"1024\" src=\"https:\/\/listaprzetargow.pl\/blog\/wp-content\/uploads\/2025\/12\/dziedziczenie_najmu_komunalnego_zasady-683x1024.jpg\" alt=\"\" class=\"wp-image-3709\" style=\"width:300px\" srcset=\"https:\/\/listaprzetargow.pl\/blog\/wp-content\/uploads\/2025\/12\/dziedziczenie_najmu_komunalnego_zasady-683x1024.jpg 683w, https:\/\/listaprzetargow.pl\/blog\/wp-content\/uploads\/2025\/12\/dziedziczenie_najmu_komunalnego_zasady-200x300.jpg 200w, https:\/\/listaprzetargow.pl\/blog\/wp-content\/uploads\/2025\/12\/dziedziczenie_najmu_komunalnego_zasady-768x1152.jpg 768w, https:\/\/listaprzetargow.pl\/blog\/wp-content\/uploads\/2025\/12\/dziedziczenie_najmu_komunalnego_zasady-1024x1536.jpg 1024w, https:\/\/listaprzetargow.pl\/blog\/wp-content\/uploads\/2025\/12\/dziedziczenie_najmu_komunalnego_zasady-175x263.jpg 175w, https:\/\/listaprzetargow.pl\/blog\/wp-content\/uploads\/2025\/12\/dziedziczenie_najmu_komunalnego_zasady-450x675.jpg 450w, https:\/\/listaprzetargow.pl\/blog\/wp-content\/uploads\/2025\/12\/dziedziczenie_najmu_komunalnego_zasady-1170x1755.jpg 1170w, https:\/\/listaprzetargow.pl\/blog\/wp-content\/uploads\/2025\/12\/dziedziczenie_najmu_komunalnego_zasady.jpg 1200w\" sizes=\"auto, (max-width: 683px) 100vw, 683px\" \/><\/a><\/figure><\/div>\n\n\n<p>Zgodnie z art. 20 ustawy z dnia 21 czerwca 2001 r. o ochronie praw lokator\u00f3w umowa najmu mieszkania komunalnego zawierana jest na czas nieoznaczony. <strong>Gmina ma prawo j\u0105 te\u017c wypowiedzie\u0107 tylko w okre\u015blonych okoliczno\u015bciach, na przyk\u0142ad gdy najemca:<\/strong><\/p>\n\n\n\n<ul class=\"wp-block-list\">\n<li>nie reguluje czynszu od minimum 3 miesi\u0119cy;<\/li>\n\n\n\n<li>nie zamieszkuje w lokalu od co najmniej 12 miesi\u0119cy;<\/li>\n\n\n\n<li>podnajmuje mieszkanie osobom trzecim bez wiedzy i zgody gminy;<\/li>\n\n\n\n<li>u\u017cytkuje lokal w spos\u00f3b naruszaj\u0105cy regulamin oraz utrudniaj\u0105cy zamieszkiwanie innym lokatorom budynku;<\/li>\n\n\n\n<li>u\u017cytkuje mieszkanie niezgodnie z przeznaczeniem (np. prowadzi w nim dzia\u0142alno\u015b\u0107 gospodarcz\u0105 bez wiedzy i zgody gminy);<\/li>\n\n\n\n<li>nab\u0119dzie prawo do innego lokalu mieszkalnego w tej samej miejscowo\u015bci (r\u00f3wnie\u017c w drodze spadku).<\/li>\n<\/ul>\n\n\n\n<p><strong>Przez ca\u0142y okres trwania umowy najmu najemca mieszkania komunalnego zobowi\u0105zany jest do regulowania comiesi\u0119cznego czynszu. <\/strong>Jego wysoko\u015b\u0107 okre\u015bla gmina, ale nie jest on wysoki, poniewa\u017c w zale\u017cno\u015bci od miasta jego stawka bazowa wynosi \u015brednio 12-13 z\u0142 za m2.<\/p>\n\n\n\n<p>Najemcy mo\u017ce przys\u0142ugiwa\u0107 te\u017c obni\u017cona stawka czynszu np. je\u015bli ma bardzo niskie dochody lub lokal nie spe\u0142nia okre\u015blonych warunk\u00f3w techniczno-u\u017cytkowych. Gmina ma prawo jednak weryfikowa\u0107 dochody najemcy (nie cz\u0119\u015bciej ni\u017c co 2,5 roku i tylko w odniesieniu do um\u00f3w najmu zawartych od 21 kwietnia 2019 r.) i je\u015bli oka\u017c\u0105 si\u0119 one wy\u017csze od okre\u015blonego progu, mo\u017ce podwy\u017cszy\u0107 czynsz. Co wa\u017cne, wzrost dochod\u00f3w najemcy nie daje natomiast gminie prawa do wypowiedzenia umowy najmu mieszkania komunalnego.<\/p>\n\n\n\n<p class=\"has-text-align-center\">Przeczytaj: <a href=\"https:\/\/listaprzetargow.pl\/blog\/najem-senioralny-nowy-program-mieszkaniowy-dla-osob-starszych\/\" target=\"_blank\" rel=\"noopener\" title=\"\">Najem senioralny &#8211; nowy program mieszkaniowy dla os\u00f3b starszych<\/a><\/p>\n\n\n\n<h2 class=\"wp-block-heading\">Na czym polega dziedziczenie najmu mieszka\u0144 komunalnych?<\/h2>\n\n\n\n<p>Obecne zasady najmu mieszka\u0144 komunalnych skutkuj\u0105 tym, \u017ce wielu najemc\u00f3w mieszka w takich lokalach przez wiele lat, nawet do \u015bmierci. Aktualne przepisy przewiduj\u0105 natomiast, \u017ce je\u015bli najemca lokalu komunalnego umrze, dochodzi do automatycznego wst\u0105pienia w stosunek najmu os\u00f3b, kt\u00f3re trwale zamieszkiwa\u0142y ze zmar\u0142ym najemc\u0105 a\u017c do chwili jego \u015bmierci. <strong>Zgodnie z art. 691 kodeksu cywilnego na takie dziedziczenie najmu mieszka\u0144 komunalnych mog\u0105 liczy\u0107:<\/strong><\/p>\n\n\n\n<ul class=\"wp-block-list\">\n<li>ma\u0142\u017conek zmar\u0142ego najemcy (o ile nie jest wsp\u00f3\u0142najemc\u0105 lokalu),<\/li>\n\n\n\n<li>jego dzieci,<\/li>\n\n\n\n<li>inne osoby, wobec kt\u00f3rych najemca by\u0142 obowi\u0105zany do \u015bwiadcze\u0144 alimentacyjnych,<\/li>\n\n\n\n<li>osoba, kt\u00f3ra pozostawa\u0142a faktycznie we wsp\u00f3lnym po\u017cyciu z najemc\u0105 (czyli konkubent lub konkubina).<\/li>\n<\/ul>\n\n\n\n<p>Powy\u017csze osoby wchodz\u0105 w stosunek najmu mieszkania komunalnego po \u015bmierci najemcy z mocy prawa, a wi\u0119c bez konieczno\u015bci sk\u0142adania o\u015bwiadcze\u0144 o swoich dochodach oraz zawierania nowej umowy z gmin\u0105. Oczywi\u015bcie nie musz\u0105 z tego prawa korzysta\u0107, poniewa\u017c je\u015bli nie chc\u0105 dalej korzysta\u0107 z mieszkania komunalnego, mog\u0105 wypowiedzie\u0107 umow\u0119 najmu z zachowaniem ustawowych termin\u00f3w.<\/p>\n\n\n\n<p>Z drugiej strony gmina mo\u017ce takim najemcom wypowiedzie\u0107 umow\u0119 g\u0142\u00f3wnie wtedy, gdy wed\u0142ug niej osoby nie spe\u0142niaj\u0105 warunk\u00f3w wst\u0105pienia w stosunek najmu. W takiej sytuacji osoby te maj\u0105 jednak prawo wyst\u0105pi\u0107 do s\u0105du o ustalenie istnienia stosunku najmu na podstawie art. 189 kodeksu post\u0119powania cywilnego.<\/p>\n\n\n\n<h2 class=\"wp-block-heading\">Dlaczego ministerstwo zapowiedzia\u0142o koniec dziedziczenia najmu mieszka\u0144 komunalnych?<\/h2>\n\n\n\n<p>W dniu 19 wrze\u015bnia 2025 roku do Wykazu prac legislacyjnych i programowych Rady Ministr\u00f3w trafi\u0142 projekt ustawy, kt\u00f3ry przewiduje koniec dziedziczenia najmu mieszka\u0144 komunalnych z mocy prawa. Nowe przepisy przygotowa\u0142o Ministerstwo Finans\u00f3w i Gospodarki, kt\u00f3re chce poprzez ich wprowadzenie <strong>poprawi\u0107 mo\u017cliwo\u015bci gmin w zakresie wykorzystywania mieszka\u0144 ze swoich zasob\u00f3w oraz sprawi\u0107, by by\u0142y one faktycznie udost\u0119pniane najbardziej potrzebuj\u0105cym<\/strong>.<\/p>\n\n\n\n<p>Wed\u0142ug ministerstwa aktualnie obowi\u0105zuj\u0105ce regulacje prawne umo\u017cliwiaj\u0105ce automatyczne dziedziczenie najmu mieszka\u0144 komunalnych ograniczaj\u0105 mo\u017cliwo\u015bci gmin w tym zakresie. Po \u015bmierci najemcy lokale komunalne nie \u201ewracaj\u0105\u201d bowiem do gminnego zasobu mieszkaniowego, a zatem gmina nie ma mo\u017cliwo\u015bci dysponowania lokalami \u201edziedziczonymi\u201d przez najemc\u00f3w.<\/p>\n\n\n\n<p><strong>Co wi\u0119cej, taki automatyzm dziedziczenia najmu powoduje r\u00f3wnie\u017c liczne nadu\u017cycia. <\/strong>Osoby wst\u0119puj\u0105ce w stosunek najmu cz\u0119sto bowiem nie spe\u0142niaj\u0105 standardowych kryteri\u00f3w przyznawania mieszka\u0144 komunalnych, poniewa\u017c maj\u0105 bardzo wysokie dochody lub posiadaj\u0105 inn\u0105 nieruchomo\u015b\u0107.<\/p>\n\n\n\n<p>Innymi s\u0142owy, wed\u0142ug ministerstwa jest to niesprawiedliwe, \u017ce osoby faktycznie potrzebuj\u0105ce wsparcia czekaj\u0105 miesi\u0105cami w kolejce na przyznanie lokalu komunalnego, podczas gdy inni otrzymuj\u0105 je \u201ez automatu\u201d, pomimo \u017ce bez problemu zaspokoiliby swoje potrzeby mieszkaniowe we w\u0142asnym zakresie na zasadach rynkowych.<\/p>\n\n\n\n<h2 class=\"wp-block-heading\">Jakie zmiany w dziedziczeniu najmu mieszka\u0144 komunalnych przewiduje nowelizacja przepis\u00f3w?<\/h2>\n\n\n<div class=\"wp-block-image\">\n<figure class=\"alignleft size-large is-resized\"><a href=\"https:\/\/listaprzetargow.pl\/blog\/wp-content\/uploads\/2025\/12\/dziedziczenie_najmu_komunanego_planowane_zmiany.jpg\"><img loading=\"lazy\" decoding=\"async\" width=\"683\" height=\"1024\" src=\"https:\/\/listaprzetargow.pl\/blog\/wp-content\/uploads\/2025\/12\/dziedziczenie_najmu_komunanego_planowane_zmiany-683x1024.jpg\" alt=\"\" class=\"wp-image-3708\" style=\"width:300px\" srcset=\"https:\/\/listaprzetargow.pl\/blog\/wp-content\/uploads\/2025\/12\/dziedziczenie_najmu_komunanego_planowane_zmiany-683x1024.jpg 683w, https:\/\/listaprzetargow.pl\/blog\/wp-content\/uploads\/2025\/12\/dziedziczenie_najmu_komunanego_planowane_zmiany-200x300.jpg 200w, https:\/\/listaprzetargow.pl\/blog\/wp-content\/uploads\/2025\/12\/dziedziczenie_najmu_komunanego_planowane_zmiany-768x1152.jpg 768w, https:\/\/listaprzetargow.pl\/blog\/wp-content\/uploads\/2025\/12\/dziedziczenie_najmu_komunanego_planowane_zmiany-1024x1536.jpg 1024w, https:\/\/listaprzetargow.pl\/blog\/wp-content\/uploads\/2025\/12\/dziedziczenie_najmu_komunanego_planowane_zmiany-175x263.jpg 175w, https:\/\/listaprzetargow.pl\/blog\/wp-content\/uploads\/2025\/12\/dziedziczenie_najmu_komunanego_planowane_zmiany-450x675.jpg 450w, https:\/\/listaprzetargow.pl\/blog\/wp-content\/uploads\/2025\/12\/dziedziczenie_najmu_komunanego_planowane_zmiany-1170x1755.jpg 1170w, https:\/\/listaprzetargow.pl\/blog\/wp-content\/uploads\/2025\/12\/dziedziczenie_najmu_komunanego_planowane_zmiany.jpg 1200w\" sizes=\"auto, (max-width: 683px) 100vw, 683px\" \/><\/a><\/figure><\/div>\n\n\n<p>Przygotowany przez Ministerstwo Finans\u00f3w i Gospodarki projekt ustawy o zmianie ustawy o ochronie praw lokator\u00f3w, mieszkaniowym zasobie gminy i o zmianie Kodeksu cywilnego oraz ustawy o dodatkach mieszkaniowych przewiduje definitywny koniec automatycznego dziedziczenia najmu mieszka\u0144 komunalnych. Konkretnie b\u0119dzie to polega\u0142o na wy\u0142\u0105czenie stosowania przepisu art. 691 kodeksu cywilnego w odniesieniu do lokali z zasob\u00f3w gminy.<\/p>\n\n\n\n<p><strong>\u015amier\u0107 najemcy mieszkania komunalnego b\u0119dzie zatem skutkowa\u0107 automatycznym wyga\u015bni\u0119ciem umowy najmu.<\/strong> Najbli\u017csze osoby najemcy, kt\u00f3re mia\u0142y do tej pory prawo wst\u0105pienia w stosunek najmu, b\u0119d\u0105 mia\u0142y jedynie prawo do \u201eroszczenia o zawarcie umowy najmu wskazanego lokalu\u201d. Innymi s\u0142owy, takie osoby b\u0119d\u0105 mog\u0142y si\u0119 ubiega\u0107 o zawarcie nowej umowy i w\u00f3wczas gmina w ci\u0105gu 6 miesi\u0119cy przedstawi im j\u0105 na nowych warunkach. Warunki te b\u0119d\u0105 te\u017c ju\u017c zale\u017ca\u0142y od dochod\u00f3w najemc\u00f3w, poniewa\u017c:<\/p>\n\n\n\n<ul class=\"wp-block-list\">\n<li>je\u015bli dochody te b\u0119d\u0105 wy\u017csze od progu okre\u015blonego przez gmin\u0119 \u2013 nowa umowa najmu b\u0119dzie przewidywa\u0107 odpowiednio wy\u017cszy czynsz najmu;<\/li>\n\n\n\n<li>je\u017celi dochody nie b\u0119d\u0105 przekracza\u0107 stawki okre\u015blonej przez gmin\u0119 \u2013 stawka czynszu pozostanie na dotychczasowym poziomie (czyli w takiej wysoko\u015bci, jaka obowi\u0105zywa\u0142a w umowie zawartej ze zmar\u0142ym najemc\u0105).<\/li>\n<\/ul>\n\n\n\n<p><strong>Co wi\u0119cej, ka\u017cda osoba staraj\u0105ca si\u0119 o zawarcie nowej umowy najmu z gmin\u0105 nie b\u0119dzie mog\u0142a posiada\u0107 tak\u017ce tytu\u0142u prawnego do innej nieruchomo\u015bci i to nie tylko do lokalu mieszkalnego, ale tak\u017ce do domu. <\/strong>Po\u015bwiadczenie nieprawdy w tym zakresie przez najemc\u0119 b\u0119dzie mog\u0142o skutkowa\u0107 wypowiedzeniem umowy przez gmin\u0119.<\/p>\n\n\n\n<p>Kiedy przepisy wprowadzaj\u0105ce koniec dziedziczenia najmu wejd\u0105 w \u017cycie? Przyj\u0119cie projektu ustawy przez Rad\u0119 Ministr\u00f3w zaplanowane jest na II kwarta\u0142 2026 r. Nowe regulacje mog\u0105 zatem zacz\u0105\u0107 obowi\u0105zywa\u0107 najwcze\u015bniej pod koniec 2026 roku.<\/p>\n\n\n\n<p><a href=\"https:\/\/listaprzetargow.pl\/\" target=\"_blank\" rel=\"noopener nofollow\" title=\"\">Przeszukaj baz\u0119 1504 okazji na zakup mieszkania na ListaPrzetargow.pl \u00bb<\/a><\/p>\n\n\n\n<p>Zdj\u0119cia: Unsplash.com<\/p>\n","protected":false},"excerpt":{"rendered":"<p>Mieszkania komunalne z za\u0142o\u017cenia s\u0105 przeznaczone dla os\u00f3b, kt\u00f3re nie mog\u0105 sobie pozwoli\u0107 na zakup lub najem nieruchomo\u015bci na warunkach rynkowych. Mo\u017cliwe jest jednak automatyczne odziedziczenie prawa do najmu takich lokali po \u015bmierci najemcy przez jego najbli\u017cszych i to nawet je\u015bli maj\u0105 wysokie dochody. Ministerstwo Finans\u00f3w i Gospodarki uzna\u0142o to za niesprawiedliwe rozwi\u0105zanie i zapowiedzia\u0142o<\/p>\n","protected":false},"author":3,"featured_media":3706,"comment_status":"open","ping_status":"closed","sticky":false,"template":"","format":"standard","meta":{"footnotes":""},"categories":[2],"tags":[12,45],"series":[],"class_list":{"0":"post-3705","1":"post","2":"type-post","3":"status-publish","4":"format-standard","5":"has-post-thumbnail","7":"category-inwestowanie-w-nieruchomosci","8":"tag-jak-inwestowac-w-nieruchomosci","9":"tag-wynajem-mieszkania"},"aioseo_notices":[],"_links":{"self":[{"href":"https:\/\/listaprzetargow.pl\/blog\/wp-json\/wp\/v2\/posts\/3705","targetHints":{"allow":["GET"]}}],"collection":[{"href":"https:\/\/listaprzetargow.pl\/blog\/wp-json\/wp\/v2\/posts"}],"about":[{"href":"https:\/\/listaprzetargow.pl\/blog\/wp-json\/wp\/v2\/types\/post"}],"author":[{"embeddable":true,"href":"https:\/\/listaprzetargow.pl\/blog\/wp-json\/wp\/v2\/users\/3"}],"replies":[{"embeddable":true,"href":"https:\/\/listaprzetargow.pl\/blog\/wp-json\/wp\/v2\/comments?post=3705"}],"version-history":[{"count":3,"href":"https:\/\/listaprzetargow.pl\/blog\/wp-json\/wp\/v2\/posts\/3705\/revisions"}],"predecessor-version":[{"id":3711,"href":"https:\/\/listaprzetargow.pl\/blog\/wp-json\/wp\/v2\/posts\/3705\/revisions\/3711"}],"wp:featuredmedia":[{"embeddable":true,"href":"https:\/\/listaprzetargow.pl\/blog\/wp-json\/wp\/v2\/media\/3706"}],"wp:attachment":[{"href":"https:\/\/listaprzetargow.pl\/blog\/wp-json\/wp\/v2\/media?parent=3705"}],"wp:term":[{"taxonomy":"category","embeddable":true,"href":"https:\/\/listaprzetargow.pl\/blog\/wp-json\/wp\/v2\/categories?post=3705"},{"taxonomy":"post_tag","embeddable":true,"href":"https:\/\/listaprzetargow.pl\/blog\/wp-json\/wp\/v2\/tags?post=3705"},{"taxonomy":"series","embeddable":true,"href":"https:\/\/listaprzetargow.pl\/blog\/wp-json\/wp\/v2\/series?post=3705"}],"curies":[{"name":"wp","href":"https:\/\/api.w.org\/{rel}","templated":true}]}}